{"id":1,"date":"2014-07-28T19:40:15","date_gmt":"2014-07-28T22:40:15","guid":{"rendered":"http:\/\/www.somambiente.com\/blog\/?p=1"},"modified":"2018-09-21T11:55:04","modified_gmt":"2018-09-21T14:55:04","slug":"httpwww-somambiente-comblog","status":"publish","type":"post","link":"https:\/\/www.somambiente.com\/blog\/httpwww-somambiente-comblog\/","title":{"rendered":"Som Ambiente\u00ae &#8211; Audio video Automa\u00e7\u00e3o Home Theater &#8211; Car Audio"},"content":{"rendered":"<p><span style=\"color: #141823;\"><strong>Som Ambiente\u00ae<\/strong> Tecnologia, Fundada em 1981, atua no segmento de Audio \u00a0Videoproje\u00e7\u00e3o, Projetos, Instala\u00e7\u00f5es de Audio Profissional para Ambientes -Sonoriza\u00e7\u00e3o \u00a0Ambiente, \u00a0Projetos \u00a0Executivos de Sonoriza\u00e7\u00e3o, Ac\u00fastica, Home Theater, Automa\u00e7\u00e3o AV,\u00a0Sempre ao lado de Grandes Marcas e Gigantes da Industria AV e Car Audio.\u00a0 <\/span><\/p>\n<p><span style=\"color: #141823;\">Venda de Equipamentos\u00a0Multimidia Originais de Veiculos\u00a0&#8211; \u00a0Car Audio Manuten\u00e7ao Instala\u00e7\u00e3o para veiculos como: Nissan, Mitsubishi, Honda, Wolkswagem,Toyota dentre outros.,\u00a0<\/span><\/p>\n<p><br style=\"color: #141823;\" \/><strong><span style=\"color: #141823;\">\u00c8 a Criadora em 1981 e detentora dos Direitos Autorais do Nome e Marca Som Ambiente\u00ae junto ao INPI, e ainda \u00a0alem dos Registros normais de Empresa, com Registro em \u00a0diversas entidades Oficiais representativas, de Registro de nomes e Dom\u00ednios na Web. Somos Referencia em Servi\u00e7os e Projetos em nosso segmento.<\/span><\/strong><\/p>\n<p><span style=\"color: #141823;\">Sua Primazia em servi\u00e7os e<\/span><span class=\"text_exposed_show\" style=\"color: #141823;\">\u00a0Foco constante na Qualidade ao inv\u00eas da quantidade, \u00a0no atendimento aos seus clientes, \u00a0a fez manter-se em uma posi\u00e7\u00e3o de Referencia \u00a0no Segmento\u00a0de atua\u00e7\u00e3o &#8211; \u00a0onde \u00e9 sempre procurada para prestar servi\u00e7os T\u00e9cnicos, Consultoria, Projetos, Suporte \u00a0e servi\u00e7os Credenciados, para Grandes Marcas, Entidades e Empresas de \u00a0Renome Nacional e Mundial, algumas Marcas com parcerias por mais de dois dec\u00eanios.<\/span><\/p>\n<p>O Profissional \u00a0da Som Ambiente CEO \u00a0de Tecnologia &#8211; Especialista AV, \u00a0Luiz Lana &#8211; possui varias Certifica\u00e7\u00f5es e Treinamentos\u00a0nos principais Fabricantes da Industria AV, sendo Membro da AES &#8211; Audio Engenering Society e Infocomm Internacional &#8211; Especialista nas mais Recentes Tecnologias de Audio, como Audio por IP, \u00a0Sistemas Multimidia, Sonoriz\u00e7ao Digital para Grandes Ambientes, Automa\u00e7ao em Audio, especialista em Sistema de Linhas de Alta Imped\u00e3ncia, consultoria\u00a0projetos\u00a0e suporte t\u00e9cnico.Redige Artigos T\u00e9cnicos para Revistas Especializadas, e Grandes portais de informa\u00e7\u00e3o. Seus Artigos T\u00e9cnicos Publicados em Revistas Tecnicas especializadas Segmentadas e Grandes Portais, foram considerados Artigos cient\u00edficos por Renomadas Universidades, \u00a0havendo em grandes portais de circula\u00e7\u00e3o, dezenas de milhares de acessos e downloads.<\/p>\n<p><strong>A \u00a0SOM AMBIENTE<\/strong>\u00ae\u00a0<strong>Comercializa Equipamentos e Servi\u00e7os com Tecnologia de Ponta para: <\/strong><\/p>\n<p><span class=\"text_exposed_show\" style=\"color: #141823;\"><span style=\"color: #0000ff;\"><strong>\u00a0Projetos de Sonoriza\u00e7\u00e3o de Ambientes, \u00a0A\u00fadio Comercial &#8211; Som Ambiental<\/strong><\/span><\/span><\/p>\n<p><span class=\"text_exposed_show\" style=\"color: #141823;\"><span style=\"color: #0000ff;\"><strong><a href=\"https:\/\/www.somambiente.com\/blog\/wp-content\/uploads\/2014\/07\/DSC00700.jpg\"><img loading=\"lazy\" decoding=\"async\" class=\"wp-image-23 aligncenter\" src=\"https:\/\/www.somambiente.com\/blog\/wp-content\/uploads\/2014\/07\/DSC00700-225x300.jpg\" alt=\"\" width=\"196\" height=\"261\" srcset=\"https:\/\/www.somambiente.com\/blog\/wp-content\/uploads\/2014\/07\/DSC00700-225x300.jpg 225w, https:\/\/www.somambiente.com\/blog\/wp-content\/uploads\/2014\/07\/DSC00700-768x1024.jpg 768w, https:\/\/www.somambiente.com\/blog\/wp-content\/uploads\/2014\/07\/DSC00700.jpg 1944w\" sizes=\"auto, (max-width: 196px) 100vw, 196px\" \/><\/a><\/strong><\/span><\/span><\/p>\n<p><span class=\"text_exposed_show\" style=\"color: #141823;\"><span style=\"color: #0000ff;\"><strong><a href=\"https:\/\/www.somambiente.com\/blog\/wp-content\/uploads\/2014\/07\/Controls-customizados9-Jul.-28.jpg\"><img loading=\"lazy\" decoding=\"async\" class=\"wp-image-144 aligncenter\" src=\"https:\/\/www.somambiente.com\/blog\/wp-content\/uploads\/2014\/07\/Controls-customizados9-Jul.-28-300x175.jpg\" alt=\"\" width=\"295\" height=\"172\" srcset=\"https:\/\/www.somambiente.com\/blog\/wp-content\/uploads\/2014\/07\/Controls-customizados9-Jul.-28-300x175.jpg 300w, https:\/\/www.somambiente.com\/blog\/wp-content\/uploads\/2014\/07\/Controls-customizados9-Jul.-28-768x449.jpg 768w, https:\/\/www.somambiente.com\/blog\/wp-content\/uploads\/2014\/07\/Controls-customizados9-Jul.-28.jpg 886w\" sizes=\"auto, (max-width: 295px) 100vw, 295px\" \/><\/a><\/strong><\/span><\/span><\/p>\n<p><a href=\"https:\/\/www.somambiente.com\/blog\/wp-content\/uploads\/2014\/07\/Controls-customizados3-Jul.-28.jpg\"><img loading=\"lazy\" decoding=\"async\" class=\"size-medium wp-image-145 aligncenter\" src=\"https:\/\/www.somambiente.com\/blog\/wp-content\/uploads\/2014\/07\/Controls-customizados3-Jul.-28-300x63.jpg\" alt=\"\" width=\"300\" height=\"63\" srcset=\"https:\/\/www.somambiente.com\/blog\/wp-content\/uploads\/2014\/07\/Controls-customizados3-Jul.-28-300x63.jpg 300w, https:\/\/www.somambiente.com\/blog\/wp-content\/uploads\/2014\/07\/Controls-customizados3-Jul.-28-768x161.jpg 768w, https:\/\/www.somambiente.com\/blog\/wp-content\/uploads\/2014\/07\/Controls-customizados3-Jul.-28.jpg 885w\" sizes=\"auto, (max-width: 300px) 100vw, 300px\" \/><\/a><\/p>\n<p><a href=\"https:\/\/www.somambiente.com\/blog\/wp-content\/uploads\/2014\/07\/Controls-customizados-Jul.-28.jpg\"><img loading=\"lazy\" decoding=\"async\" class=\"size-medium wp-image-146 aligncenter\" src=\"https:\/\/www.somambiente.com\/blog\/wp-content\/uploads\/2014\/07\/Controls-customizados-Jul.-28-300x61.jpg\" alt=\"\" width=\"300\" height=\"61\" srcset=\"https:\/\/www.somambiente.com\/blog\/wp-content\/uploads\/2014\/07\/Controls-customizados-Jul.-28-300x61.jpg 300w, https:\/\/www.somambiente.com\/blog\/wp-content\/uploads\/2014\/07\/Controls-customizados-Jul.-28-768x157.jpg 768w, https:\/\/www.somambiente.com\/blog\/wp-content\/uploads\/2014\/07\/Controls-customizados-Jul.-28-1024x209.jpg 1024w, https:\/\/www.somambiente.com\/blog\/wp-content\/uploads\/2014\/07\/Controls-customizados-Jul.-28.jpg 1598w\" sizes=\"auto, (max-width: 300px) 100vw, 300px\" \/><\/a><\/p>\n<p><strong><span style=\"color: #0000ff;\">Projeto Executivo de Sonorizacao Sistema de Alta Voz\u00a0compatibilizado com a Arquitetura, Acustica e demais Disciplinas.\u00a0<\/span><\/strong><\/p>\n<p><a href=\"https:\/\/www.somambiente.com\/blog\/wp-content\/uploads\/2014\/07\/ProjetosExecutivo02-Jun.-11-11.46-1.jpg\"><img loading=\"lazy\" decoding=\"async\" class=\"wp-image-136 aligncenter\" src=\"https:\/\/www.somambiente.com\/blog\/wp-content\/uploads\/2014\/07\/ProjetosExecutivo02-Jun.-11-11.46-1-300x132.jpg\" alt=\"\" width=\"375\" height=\"165\" srcset=\"https:\/\/www.somambiente.com\/blog\/wp-content\/uploads\/2014\/07\/ProjetosExecutivo02-Jun.-11-11.46-1-300x132.jpg 300w, https:\/\/www.somambiente.com\/blog\/wp-content\/uploads\/2014\/07\/ProjetosExecutivo02-Jun.-11-11.46-1-768x337.jpg 768w, https:\/\/www.somambiente.com\/blog\/wp-content\/uploads\/2014\/07\/ProjetosExecutivo02-Jun.-11-11.46-1-1024x450.jpg 1024w, https:\/\/www.somambiente.com\/blog\/wp-content\/uploads\/2014\/07\/ProjetosExecutivo02-Jun.-11-11.46-1.jpg 1275w\" sizes=\"auto, (max-width: 375px) 100vw, 375px\" \/><\/a><\/p>\n<p><span class=\"text_exposed_show\" style=\"color: #141823;\"><span style=\"color: #0000ff;\"><strong>Sonoriza\u00e7\u00e3o Profissional para Teatros, Salas de Cinema <\/strong><\/span><\/span><span class=\"text_exposed_show\" style=\"color: #141823;\"><span style=\"color: #0000ff;\"><strong>, Clubes<\/strong><\/span><\/span><\/p>\n<p><span class=\"text_exposed_show\" style=\"color: #141823;\"><span style=\"color: #0000ff;\"><strong> Ac\u00fastica Arquitet\u00f4nica Projetos &#8211; \u00a0com Foco em A\u00fadio, <\/strong><\/span><\/span><\/p>\n<p><span class=\"text_exposed_show\" style=\"color: #141823;\"><span style=\"color: #0000ff;\"><strong>Automatiza\u00e7\u00e3o de Audio, videoproje\u00e7\u00e3o &#8211; Projetos de Salas Multimidia<\/strong><\/span><\/span><\/p>\n<p><a href=\"https:\/\/www.somambiente.com\/blog\/wp-content\/uploads\/2014\/07\/Fotos-tecnologia-Jun.-30.jpg\"><img loading=\"lazy\" decoding=\"async\" class=\"wp-image-137 aligncenter\" src=\"https:\/\/www.somambiente.com\/blog\/wp-content\/uploads\/2014\/07\/Fotos-tecnologia-Jun.-30-300x297.jpg\" alt=\"\" width=\"296\" height=\"293\" srcset=\"https:\/\/www.somambiente.com\/blog\/wp-content\/uploads\/2014\/07\/Fotos-tecnologia-Jun.-30-300x297.jpg 300w, https:\/\/www.somambiente.com\/blog\/wp-content\/uploads\/2014\/07\/Fotos-tecnologia-Jun.-30.jpg 502w\" sizes=\"auto, (max-width: 296px) 100vw, 296px\" \/><\/a>\u00a0\u00a0<a href=\"https:\/\/www.somambiente.com\/blog\/wp-content\/uploads\/2014\/07\/salas-multimidia9-Oct.-05.jpg\"><img loading=\"lazy\" decoding=\"async\" class=\"wp-image-139 aligncenter\" src=\"https:\/\/www.somambiente.com\/blog\/wp-content\/uploads\/2014\/07\/salas-multimidia9-Oct.-05-300x155.jpg\" alt=\"\" width=\"416\" height=\"215\" srcset=\"https:\/\/www.somambiente.com\/blog\/wp-content\/uploads\/2014\/07\/salas-multimidia9-Oct.-05-300x155.jpg 300w, https:\/\/www.somambiente.com\/blog\/wp-content\/uploads\/2014\/07\/salas-multimidia9-Oct.-05-768x398.jpg 768w, https:\/\/www.somambiente.com\/blog\/wp-content\/uploads\/2014\/07\/salas-multimidia9-Oct.-05-1024x530.jpg 1024w, https:\/\/www.somambiente.com\/blog\/wp-content\/uploads\/2014\/07\/salas-multimidia9-Oct.-05.jpg 1586w\" sizes=\"auto, (max-width: 416px) 100vw, 416px\" \/><\/a><img loading=\"lazy\" decoding=\"async\" class=\"wp-image-138 aligncenter\" src=\"https:\/\/www.somambiente.com\/blog\/wp-content\/uploads\/2014\/07\/salas-multimidia-Oct.-05-1-300x125.jpg\" alt=\"\" width=\"415\" height=\"174\" srcset=\"https:\/\/www.somambiente.com\/blog\/wp-content\/uploads\/2014\/07\/salas-multimidia-Oct.-05-1-300x125.jpg 300w, https:\/\/www.somambiente.com\/blog\/wp-content\/uploads\/2014\/07\/salas-multimidia-Oct.-05-1-768x320.jpg 768w, https:\/\/www.somambiente.com\/blog\/wp-content\/uploads\/2014\/07\/salas-multimidia-Oct.-05-1-1024x427.jpg 1024w, https:\/\/www.somambiente.com\/blog\/wp-content\/uploads\/2014\/07\/salas-multimidia-Oct.-05-1.jpg 1275w\" sizes=\"auto, (max-width: 415px) 100vw, 415px\" \/><\/p>\n<p><span style=\"color: #0000ff;\">A<strong>udio Por IP, HDMI por IP, \u00a0Projetos com Tecnologia HD Base T e Wi FI Full HD<\/strong><\/span><strong>.\u00a0<\/strong><\/p>\n<p><span style=\"color: #0000ff;\"><strong>Salas Multimidia de Videoprojecao com Equipamentos Homologados e Certificados como: Harman, JBL, Kramer, Bosch, \u00a0dentre outras.\u00a0<\/strong><\/span><\/p>\n<p><span style=\"color: #0000ff;\">Sistemas de Apresentacao e Colaboracao On line Profisisonal Full HD sem Fio, \u00a0para Auditorios Escolas.<\/span><\/p>\n<p><span class=\"text_exposed_show\" style=\"color: #141823;\"><span style=\"color: #0000ff;\"><strong>Salas de Videoconfer\u00eancia &#8211; Projet\u00f4res Profissionais Full HD.\u00a0<\/strong><\/span><\/span><\/p>\n<p><span class=\"text_exposed_show\" style=\"color: #141823;\"><span style=\"color: #0000ff;\"><strong>\u00a0Home Theater &#8211; Espa\u00e7o Gourmet &#8211; Automacao de Audio.\u00a0<\/strong><\/span><\/span><\/p>\n<p><a href=\"https:\/\/www.somambiente.com\/blog\/wp-content\/uploads\/2014\/07\/755309555ae9864b8b12-1000x625.jpg\"><img loading=\"lazy\" decoding=\"async\" class=\"wp-image-140 aligncenter\" src=\"https:\/\/www.somambiente.com\/blog\/wp-content\/uploads\/2014\/07\/755309555ae9864b8b12-1000x625-300x188.jpg\" alt=\"\" width=\"412\" height=\"258\" srcset=\"https:\/\/www.somambiente.com\/blog\/wp-content\/uploads\/2014\/07\/755309555ae9864b8b12-1000x625-300x188.jpg 300w, https:\/\/www.somambiente.com\/blog\/wp-content\/uploads\/2014\/07\/755309555ae9864b8b12-1000x625-768x480.jpg 768w, https:\/\/www.somambiente.com\/blog\/wp-content\/uploads\/2014\/07\/755309555ae9864b8b12-1000x625-1024x640.jpg 1024w, https:\/\/www.somambiente.com\/blog\/wp-content\/uploads\/2014\/07\/755309555ae9864b8b12-1000x625.jpg 1275w\" sizes=\"auto, (max-width: 412px) 100vw, 412px\" \/><\/a><\/p>\n<p><span class=\"text_exposed_show\" style=\"color: #141823;\"><span style=\"color: #0000ff;\"><strong>Car Audio Hi End &#8211; Customiza\u00e7\u00e3o de Audio &#8211; Projetos Qualidade sem perda da Garantia do Ve\u00edculo.\u00a0<\/strong><\/span><\/span><\/p>\n<p><strong><span style=\"color: #0000ff;\">Manutencao, Conserto em Multimidia \u00a0Para BH e Todo Brasil: Clarion, Pioneer, Alpine, Mitsubishi, Honda, Nissan, Wolkswagem, Renault, Peugeot, Crisler, BMW, Fiat.<em> Manuten\u00e7\u00e3o em\u00a0Multimidias Originais de veiculos com pe\u00e7as Originais do respectivo fabricante<\/em><\/span><\/strong><\/p>\n<p><span style=\"color: #0000ff;\"><strong>Possui um Robusto e Moderno laborat\u00f3rio t\u00e9cnico, com Instrumental de \u00faltima Gera\u00e7\u00e3o<\/strong>,\u00a0<strong>para An\u00e1lise e manuten\u00e7\u00e3o dos \u00a0seguintes tipos de Equipamentos de Audio:<\/strong><\/span><\/p>\n<p><strong><span style=\"color: #0000ff;\"><em>Manutencao, Conserto de Receivers de Home Theater: ONKYO, DENON, YAMAHA, MARANTZ HARMAN KADON.<\/em><\/span><\/strong><\/p>\n<p>&nbsp;<\/p>\n<p><strong><span style=\"color: #0000ff;\"><em> Manuten\u00e7\u00e7oes de campo para projetos de Som e Salas de Cinema. Especializada em Solu\u00e7\u00f5es Complexas em Audio \/ Projetos e \u00a0Servi\u00e7os Tecnicos,<\/em><\/span><\/strong><\/p>\n<p><strong><span style=\"color: #0000ff;\"><em>\u00a0<a href=\"https:\/\/www.somambiente.com\/blog\/wp-content\/uploads\/2014\/07\/IMG_20141205_205202_272.jpg\"><img loading=\"lazy\" decoding=\"async\" class=\"size-medium wp-image-141 aligncenter\" src=\"https:\/\/www.somambiente.com\/blog\/wp-content\/uploads\/2014\/07\/IMG_20141205_205202_272-169x300.jpg\" alt=\"\" width=\"169\" height=\"300\" srcset=\"https:\/\/www.somambiente.com\/blog\/wp-content\/uploads\/2014\/07\/IMG_20141205_205202_272-169x300.jpg 169w, https:\/\/www.somambiente.com\/blog\/wp-content\/uploads\/2014\/07\/IMG_20141205_205202_272-768x1365.jpg 768w, https:\/\/www.somambiente.com\/blog\/wp-content\/uploads\/2014\/07\/IMG_20141205_205202_272-576x1024.jpg 576w, https:\/\/www.somambiente.com\/blog\/wp-content\/uploads\/2014\/07\/IMG_20141205_205202_272.jpg 1836w\" sizes=\"auto, (max-width: 169px) 100vw, 169px\" \/><\/a><\/em><\/span><\/strong><\/p>\n<p><span style=\"color: #0000ff;\"><strong>Consertos\u00a0em Multimidias de Marcas Originais de Ve\u00edculos, como: <\/strong><\/span><\/p>\n<p><strong><span style=\"color: #0000ff;\">Mitsubishi, Nissan, Honda, Toyota, Fiat, Wolkswagem, GM, Land Rover, BMW, Toyota, Hyundai, Subaro, Mercedes, dentre outros.<\/span><\/strong><\/p>\n<p><a href=\"https:\/\/www.somambiente.com\/blog\/wp-content\/uploads\/2014\/07\/central-multimidia-completa-original-vw-jetta-amarok-passat-D_NQ_NP_920201-MLB20278556131_042015-O.jpg\"><img loading=\"lazy\" decoding=\"async\" class=\"alignnone wp-image-142\" src=\"https:\/\/www.somambiente.com\/blog\/wp-content\/uploads\/2014\/07\/central-multimidia-completa-original-vw-jetta-amarok-passat-D_NQ_NP_920201-MLB20278556131_042015-O-300x300.jpg\" alt=\"\" width=\"224\" height=\"224\" srcset=\"https:\/\/www.somambiente.com\/blog\/wp-content\/uploads\/2014\/07\/central-multimidia-completa-original-vw-jetta-amarok-passat-D_NQ_NP_920201-MLB20278556131_042015-O-300x300.jpg 300w, https:\/\/www.somambiente.com\/blog\/wp-content\/uploads\/2014\/07\/central-multimidia-completa-original-vw-jetta-amarok-passat-D_NQ_NP_920201-MLB20278556131_042015-O-150x150.jpg 150w, https:\/\/www.somambiente.com\/blog\/wp-content\/uploads\/2014\/07\/central-multimidia-completa-original-vw-jetta-amarok-passat-D_NQ_NP_920201-MLB20278556131_042015-O.jpg 450w\" sizes=\"auto, (max-width: 224px) 100vw, 224px\" \/><\/a> <a href=\"https:\/\/www.somambiente.com\/blog\/wp-content\/uploads\/2014\/07\/L200nx501.jpg\"><img loading=\"lazy\" decoding=\"async\" class=\"alignnone wp-image-143\" src=\"https:\/\/www.somambiente.com\/blog\/wp-content\/uploads\/2014\/07\/L200nx501-300x225.jpg\" alt=\"\" width=\"212\" height=\"159\" srcset=\"https:\/\/www.somambiente.com\/blog\/wp-content\/uploads\/2014\/07\/L200nx501-300x225.jpg 300w, https:\/\/www.somambiente.com\/blog\/wp-content\/uploads\/2014\/07\/L200nx501.jpg 480w\" sizes=\"auto, (max-width: 212px) 100vw, 212px\" \/><\/a><\/p>\n<p><strong><span style=\"color: #0000ff;\">veja algumas amostras aqui:\u00a0<\/span><\/strong><\/p>\n<p><a href=\"https:\/\/www.youtube.com\/user\/somambiente\" target=\"_blank\" rel=\"noopener\">Canal Youtube Oficial Som Ambiente\u00ae<\/a><\/p>\n<p><strong>Seguimento de Projetos:<\/strong><\/p>\n<p><strong>Desenvolvemos projetos Executivos de Sonoriza\u00e7\u00e3o, Projetos Executivos de Ac\u00fastica<\/strong>, para Grandes obras como: Shopings, Aeroportos, Escolas, Terminais de Passageiros, Industrias, \u00a0Metr\u00f4s, Projetos de Som e VideoProje\u00e7\u00e3o para Audit\u00f3rios, \u00a0Salas Multimidia, Teatros, Escolas, igrejas, Academias e Empresas em Geral dentro das normas da ABNT e das Entidades internacionais que normatizam instala\u00e7\u00f5es e Dispositivos.<\/p>\n<p><strong>No Segmento de TI atuamos com o Gerenciamento para\u00a0desenvolvimento de projetos de Audio, Multimidia e \u00a0Ac\u00fastica.<\/strong>\u00a0 Em Grandes obras, Gerencie as Solu\u00e7\u00f5es que almeja implantar para as diciplinas de A\u00fadio, \u00a0V\u00eddeo, Digital Signage e Ac\u00fastica conosco! &#8211; Ganhe um espa\u00e7o on line para \u00a0acompanhar seus projetos de forma Personalizada para facilitar troca de Arquivos, Revis\u00f5es, informa\u00e7oes em Espa\u00e7os cloud dedicado com \u00a0Login e Senha em:<a href=\"http:\/\/www.somambiente.com\/projetos\" target=\"_blank\" rel=\"noopener\"> www.somambiente.com\/projetos<\/a>.<\/p>\n<p>Servi\u00e7o Garantido em instala\u00e7\u00f5es de\u00a0\u00a0Marcas como: Pioneer, Onkyo, Denon, Harman kadon, JBL, AKG, DBX, Crown, Kramer, Loud \u00a0Audio, Gr Savage, yamaha, Marantz, jvc, Kenwood, Clarion, Alpine.<\/p>\n<p>Entre em contato agora, Email:<\/p>\n<p><span style=\"color: #0000ff;\">somambiente@somambiente.com.br\u00a0<\/span><\/p>\n<p><strong>Siga nossas Redes Sociais:<\/strong><\/p>\n<p><a href=\"https:\/\/www.facebook.com\/somambiente\" target=\"_blank\" rel=\"noopener\"><img loading=\"lazy\" decoding=\"async\" class=\"alignleft wp-image-171\" src=\"https:\/\/www.somambiente.com\/blog\/wp-content\/uploads\/2014\/07\/icone-curtir-facebook-contato-300x228.png\" alt=\"\" width=\"77\" height=\"58\" srcset=\"https:\/\/www.somambiente.com\/blog\/wp-content\/uploads\/2014\/07\/icone-curtir-facebook-contato-300x228.png 300w, https:\/\/www.somambiente.com\/blog\/wp-content\/uploads\/2014\/07\/icone-curtir-facebook-contato-150x114.png 150w, https:\/\/www.somambiente.com\/blog\/wp-content\/uploads\/2014\/07\/icone-curtir-facebook-contato-768x583.png 768w, https:\/\/www.somambiente.com\/blog\/wp-content\/uploads\/2014\/07\/icone-curtir-facebook-contato-1024x777.png 1024w, https:\/\/www.somambiente.com\/blog\/wp-content\/uploads\/2014\/07\/icone-curtir-facebook-contato.png 1573w\" sizes=\"auto, (max-width: 77px) 100vw, 77px\" \/><\/a><\/p>\n<p><a href=\"https:\/\/www.instagram.com\/somambiente\/\" target=\"_blank\" rel=\"noopener\">\u00a0<img loading=\"lazy\" decoding=\"async\" class=\"alignnone wp-image-177\" src=\"https:\/\/www.somambiente.com\/blog\/wp-content\/uploads\/2014\/07\/instagram.jpg\" alt=\"\" width=\"48\" height=\"48\" srcset=\"https:\/\/www.somambiente.com\/blog\/wp-content\/uploads\/2014\/07\/instagram.jpg 225w, https:\/\/www.somambiente.com\/blog\/wp-content\/uploads\/2014\/07\/instagram-150x150.jpg 150w\" sizes=\"auto, (max-width: 48px) 100vw, 48px\" \/><\/a>\u00a0 \u00a0 \u00a0 \u00a0\u00a0<a href=\"https:\/\/soundcloud.com\/somambiente\">\u00a0\u00a0\u00a0\u00a0\u00a0\u00a0\u00a0\u00a0<\/a><a href=\"https:\/\/www.flickr.com\/photos\/somambiente\" target=\"_blank\" rel=\"noopener\"><img loading=\"lazy\" decoding=\"async\" class=\"alignnone wp-image-178\" src=\"https:\/\/www.somambiente.com\/blog\/wp-content\/uploads\/2014\/07\/Flicker.jpg\" alt=\"\" width=\"49\" height=\"50\" srcset=\"https:\/\/www.somambiente.com\/blog\/wp-content\/uploads\/2014\/07\/Flicker.jpg 224w, https:\/\/www.somambiente.com\/blog\/wp-content\/uploads\/2014\/07\/Flicker-150x150.jpg 150w\" sizes=\"auto, (max-width: 49px) 100vw, 49px\" \/>\u00a0 \u00a0 \u00a0 \u00a0<\/a><a href=\"https:\/\/twitter.com\/somambiente\" target=\"_blank\" rel=\"noopener\"><img loading=\"lazy\" decoding=\"async\" class=\"alignnone wp-image-180\" src=\"https:\/\/www.somambiente.com\/blog\/wp-content\/uploads\/2014\/07\/twiiter-icone.jpg\" alt=\"\" width=\"61\" height=\"61\" srcset=\"https:\/\/www.somambiente.com\/blog\/wp-content\/uploads\/2014\/07\/twiiter-icone.jpg 204w, https:\/\/www.somambiente.com\/blog\/wp-content\/uploads\/2014\/07\/twiiter-icone-150x150.jpg 150w\" sizes=\"auto, (max-width: 61px) 100vw, 61px\" \/><\/a>\u00a0 \u00a0 \u00a0<a href=\"https:\/\/soundcloud.com\/somambiente\" target=\"_blank\" rel=\"noopener\"><img loading=\"lazy\" decoding=\"async\" class=\"alignnone wp-image-182\" src=\"https:\/\/www.somambiente.com\/blog\/wp-content\/uploads\/2014\/07\/icone-soundclound.jpg\" alt=\"\" width=\"60\" height=\"59\" srcset=\"https:\/\/www.somambiente.com\/blog\/wp-content\/uploads\/2014\/07\/icone-soundclound.jpg 227w, https:\/\/www.somambiente.com\/blog\/wp-content\/uploads\/2014\/07\/icone-soundclound-150x147.jpg 150w\" sizes=\"auto, (max-width: 60px) 100vw, 60px\" \/><\/a><\/p>\n<p><strong><span style=\"color: #008000;\">Art In Services And Knowlege Of Sound!<\/span><\/strong><\/p>\n<p>Fan Page: <a href=\"http:\/\/www.facebook.com\/somambiente\">www.facebook.com\/somambiente<\/a><\/p>\n<p><a href=\"https:\/\/www.flickr.com\/somambiente\" target=\"_blank\" rel=\"noopener\">Galeria Fotos, Projetos -Home Theater -Automa\u00e7ao AV- Car Audio Hi End<\/a><\/p>\n<p style=\"text-align: center;\"><strong>Av. Amazonas 1842 &#8211;<\/strong><br \/>\n<strong> Bairro Santo Agostinho<\/strong><br \/>\n<strong> Belo Horizonte &#8211; MG<\/strong><br \/>\n<strong> Brasil.<\/strong><br \/>\n<strong> Cep: 30180-002<\/strong><\/p>\n<p><strong>Telefones: (31) 3337 5863\/2512 5863\/ 3075 7926 &#8211; (011) 2626 0582.<\/strong><\/p>\n<p style=\"text-align: center;\"><span style=\"color: #ff6600;\"><em><strong>ALERTA: <\/strong><\/em><\/span><\/p>\n<p><span><em><b style=\"color: #ff0000;\">Nao se deixe enganar, \u00a0apenas a\u00a0 Som Ambiente\u00ae Possui os Direitos legais\u00a0perante o INPI-Instituto Nacional de Propriedade Industrial &#8211; em conforme com a Lei , LPI 9279 de 14\/05\/1996\u00a0 de Divulga\u00e7\u00e3o nos diferentes meios de comunica\u00e7\u00e3o, \u00a0Servi\u00e7os e produtos \u00a0de Sonoriza\u00e7\u00e3o, pertencentes ao\u00a0segmento de Sonoriza\u00e7\u00e3o\/instala\u00e7\u00e3o com o \u00a0Nome e Marca Som Ambiente &#8211; Somos a Som Ambiente\u00ae\u00a0\u00a0Oficial &#8211; Organiza\u00e7\u00e3o que <\/b><span style=\"color: #ff0000;\"><b>det\u00eam<\/b><\/span><b style=\"color: #ff0000;\">\u00a0os Registros tanto de Empresa com a Raz\u00e3o Social Som Ambiente\u00a0 quanto no INPI para o Nome e Marca Som Ambiente\u00ae &#8211; que possuem F\u00e9 p\u00fablica V\u00e1lidos por lei a disposi\u00e7\u00e3o de todos os interessados! A Diretoria de Marcas do INPI antes de deferir uma Marca verifica o Art. 124\u00a0 desta lei 9279 supra citada o que implica em dizer que a marca \u00e9 distinta, foi\u00a0 registrada , formada,\u00a0 criada, pela empresa Som Ambiente.\u00a0 Sendo deferido com\u00a0 EXCLUSIVIDADE sem apostilamento como marca mista que \u00e9 o conjunto e\u00a0 parte nominativa contendo a <\/b><span style=\"color: #ff0000;\"><b>express\u00e3o<\/b><\/span><b style=\"color: #ff0000;\">\u00a0som ambiente.\u00a0<\/b><b style=\"color: #ff0000;\">\u00a0Nossos registros oficiais\u00a0 web <\/b><span style=\"color: #ff0000;\"><b>tamb\u00e9m<\/b><\/span><b style=\"color: #ff0000;\">\u00a0vem desde a internet discada e advento desta.\u00a0\u00a0<\/b><\/em><\/span><\/p>\n<p><span><em><b style=\"color: #ff0000;\">Uma coisa \u00e9 achar a outra \u00e9 o que a Lei diz. Ha Empresas concorrentes utilizando indevidamente a parte REGISTRADA NOMINATIVA DA MARCA: o nome \u00a0Som Ambiente\u00ae ou <\/b><b style=\"color: #ff0000;\">SIN\u00d4NIMOS<\/b><b style=\"color: #ff0000;\">\u00a0MALICIOSOS para enganar as buscas nos portais de busca,\u00a0 como link ou at\u00e9 como se fosse a pr\u00f3pria, servindo de isca ao consumidor para leva-lo at\u00e9 a sua porta, praticando <\/b><b style=\"color: #ff0000;\">concorr\u00eancia<\/b><b style=\"color: #ff0000;\">\u00a0parasitaria, agindo-se sem \u00e9tica,\u00a0 o que torna-se uso fora da lei de Propriedade Industrial,\u00a0 por a\u00a0atividade deste concorrente\u00a0 \u00a0ser do mesmo segmento\/Ramo de Registro, e quando \u00e9 registrado exclusivo, s\u00f3 esta marca registrada pode usar no Brasil!. Ao deparar com estes <\/b><b style=\"color: #ff0000;\">an\u00fancios<\/b><b style=\"color: #ff0000;\">, \u00a0em suas contrata\u00e7\u00f5es e compras de produtos,\u00a0 \u00a0Use-os e Utilize-os como teste da verdade e <\/b><span style=\"color: #ff0000;\"><b>transpar\u00eancia em suas contratacoes<\/b><\/span><b style=\"color: #ff0000;\">, exija autoriza\u00e7\u00e3o de Franquia da marca Som Ambiente\u00a0 ou de Direitos de Uso! &#8211;<\/b><\/em><\/span><\/p>\n<h5><span><em><b style=\"color: #ff0000;\">No manual de marcas do INPI informa que uma marca <\/b><a href=\"http:\/\/manualdemarcas.inpi.gov.br\/\"><span style=\"color: #ff0000;\"><b>n\u00e3o<\/b><\/span><b style=\"color: #ff0000;\">\u00a0pode ser reproduzida sem <\/b><span style=\"color: #ff0000;\"><b>autoriza\u00e7\u00e3o<\/b><\/span><\/a><b style=\"color: #ff0000;\">\u00a0em todo ou parte dela,\u00a0 nem conjugar verbos,\u00a0 nem substantivos no grau aumentativo ( que seria <\/b><span style=\"color: #ff0000;\"><b>Sonoriza\u00e7\u00e3o<\/b><\/span><b style=\"color: #ff0000;\">\u00a0Ambiente, sistema de som ambiente),\u00a0 se\u00a0 usar substantivos no grau aumentativo como <\/b><span style=\"color: #ff0000;\"><b>sonoriza\u00e7\u00e3o<\/b>\u00a0ambiente\u00a0 ou a express\u00e3o\u00a0n\u00e3o\u00a0infringir a lei e estiver correto, pode-se montar uma f\u00e1brica de carros e chama-la de Ford<b>\u00e3o<\/b><\/span><b style=\"color: #ff0000;\">\u00a0ou Fiat<\/b><span style=\"color: #ff0000;\"><b>\u00e3o<\/b><\/span><b style=\"color: #ff0000;\">.\u00a0<\/b><\/em><\/span><\/h5>\n<p><span><span style=\"color: #ff0000;\"><b>Ficamos mais de tr\u00eas dec\u00eanios trabalhando nesse pais, em todas as crises e problemas mercadol\u00f3gicos,\u00a0 assistimos centenas de Empresas e varias industrias not\u00f3rias do segmento deixarem de existir, tanto\u00a0 as Nacionais como Regionais,\u00a0 para formar nossa Marca Som Ambiente\u00ae, para agora que a arvore gerou frutos maduros, ha parasitas tentando confundir o mercado, parasitar <\/b><\/span><span style=\"color: #0000ff; font-weight: bold;\"><em>como ate\u00a0 se a express\u00e3o\u00a0 fosse o \u00fanico nome que existisse para equipamentos e servi\u00e7os\u00a0de Som<\/em><\/span><span style=\"color: #ff0000;\"><b> e ainda n\u00e3o existisse uma coisa b\u00e1sica chamada <\/b><\/span><span style=\"color: #0000ff; font-weight: bold;\">capacidade de inova\u00e7\u00e3o em produtos e servi\u00e7os<\/span><span style=\"color: #ff0000;\"><b>, <\/b><\/span><span style=\"color: #0000ff; font-weight: bold;\">de inven\u00e7\u00e3o<\/span><span style=\"color: #ff0000;\"><b> que poderia criar in\u00fameros outros <\/b><\/span><span style=\"color: #0000ff; font-weight: bold;\">NOMES OU\u00a0<\/span><span style=\"color: #0000ff;\"><b>EXPRESS\u00d5ES<\/b><\/span><span style=\"color: #ff0000;\"><b>\u00a0 de produtos e servi\u00e7os com outras denomina\u00e7\u00f5es, fomentando o crescimento industrial e comercial tornando-se um sucesso econ\u00f4mico e beneficio para a sociedade e para quem o praticar licitamente.\u00a0<\/b><\/span><\/span><b>\u00a0<\/b><\/p>\n<p><span><strong style=\"color: #ff0000;\">Quem \u00e9 Especialista em Audio e instala\u00e7\u00e3o de\u00a0 som, sabe que existe centenas de sin\u00f4nimos que podem ser usados.<\/strong><span style=\"color: #ff0000;\">\u00a0<\/span><strong style=\"color: #ff0000;\">Imagina se o Jap\u00e3o s\u00f3 copiasse e vivesse em cima de chav\u00f5es,\u00a0 substantivos no grau aumentativos\u00a0 de Marcas\u00a0 de seus concorrentes!..<\/strong><span style=\"color: #ff0000;\">.\u00a0 <strong>\u00a0Imagina se concernente a Audio e Tecnologia\u00a0 um concorrente s\u00f3 copiasse o outro fabricante concorrente&#8230;.,\u00a0 certamente estar\u00edamos na \u00e9poca da v\u00e1lvula ainda!!!\u00a0 <\/strong><\/span><\/span><\/p>\n<p><span><b style=\"color: #ff0000;\">Reafirmando: existem\u00a0 centenas de <\/b><span style=\"color: #ff0000;\"><b>sin\u00f4nimos<\/b><\/span><b style=\"color: #ff0000;\">\u00a0para a <\/b><span style=\"color: #ff0000;\"><b>express\u00e3o som ambiente<\/b><\/span><b style=\"color: #ff0000;\">\u00a0que \u00e9 marca registrada\u00a0 nominativa e figurativa<\/b><span style=\"color: #ff0000;\">,\u00a0<b> para produtos de audio ou som, nome de linha de produtos, servi\u00e7os\u00a0e afins<\/b>, Porem todos esses outros sin\u00f4nimos tem que ter o trabalho de forma\u00e7\u00e3o\u00a0do mercado do produto ou servi\u00e7o\u00a0com esse novo nome,\u00a0 PAGAR O GOOGLE para divulgar e tornar aceito!!\u00a0 dar suor\u00a0 e capacidade\u00a0 para fazer este nome dar certo igual o da marca\u00a0 Som Ambiente\u00ae\u00a0 que o formou\u00a0 desde 1981! .\u00a0 E\u00a0\u00e9\u00a0 agindo como se n\u00e3o\u00a0existisse sin\u00f4nimos, que praticam concorr\u00eancia\u00a0\u00a0parasitaria e praticam o dolo de infra\u00e7\u00e3o\u00a0de marca registrada.\u00a0<\/span><\/span><\/p>\n<p><span style=\"color: #ff0000;\"><b style=\"color: #ff0000;\">Pagaria por um <\/b><span style=\"color: #ff0000;\"><b>Sandwich<\/b><\/span><b style=\"color: #ff0000;\">\u00a0do Mac <\/b><span style=\"color: #ff0000;\"><b>Donald&#8217;s<\/b><\/span><b style=\"color: #ff0000;\">\u00a0que n\u00e3o fosse o Pr\u00f3prio Mac <\/b><span style=\"color: #ff0000;\"><b>Donald&#8217;s<\/b><\/span><b style=\"color: #ff0000;\">! ou voc\u00ea tomaria um Refrigerante Preto como Coca Cola pelo mesmo pre\u00e7o e como se fosse uma coca cola!<\/b><\/span><\/p>\n<p><span style=\"color: #ff0000;\"><span style=\"color: #ff0000;\"><b>Voc\u00ea<\/b><\/span><strong style=\"color: #ff0000;\">\u00a0compraria de uma Empresa que \u00e9 um Plagio de sua Empresa?<\/strong><\/span><\/p>\n<p><strong>Som Ambiente ltda &#8211; Desde \u00a01981!<\/strong><\/p>\n<p>BH &#8211; MG &#8211; Brasil.<\/p>\n","protected":false},"excerpt":{"rendered":"<p>Som Ambiente\u00ae Tecnologia, Fundada em 1981, atua no segmento de Audio \u00a0Videoproje\u00e7\u00e3o, Projetos, Instala\u00e7\u00f5es de Audio Profissional para Ambientes -Sonoriza\u00e7\u00e3o \u00a0Ambiente, \u00a0Projetos \u00a0Executivos de Sonoriza\u00e7\u00e3o, Ac\u00fastica, Home Theater, Automa\u00e7\u00e3o AV,\u00a0Sempre ao lado de Grandes Marcas e Gigantes da Industria AV e Car Audio.\u00a0 Venda de Equipamentos\u00a0Multimidia Originais de Veiculos\u00a0&#8211; \u00a0Car Audio Manuten\u00e7ao Instala\u00e7\u00e3o para veiculos &hellip; <a href=\"https:\/\/www.somambiente.com\/blog\/httpwww-somambiente-comblog\/\" class=\"more-link\">Continuar a ler<span class=\"screen-reader-text\">Som Ambiente\u00ae &#8211; Audio video Automa\u00e7\u00e3o Home Theater &#8211; Car Audio<\/span> <span class=\"meta-nav\">&rarr;<\/span><\/a><\/p>\n","protected":false},"author":1,"featured_media":125,"comment_status":"closed","ping_status":"closed","sticky":false,"template":"","format":"standard","meta":{"om_disable_all_campaigns":false,"_monsterinsights_skip_tracking":false,"_monsterinsights_sitenote_active":false,"_monsterinsights_sitenote_note":"","_monsterinsights_sitenote_category":0,"footnotes":""},"categories":[3,7,8,2],"tags":[23,21,26,24,27,22,13,25,15,12,20,10,19],"class_list":["post-1","post","type-post","status-publish","format-standard","has-post-thumbnail","hentry","category-audio-pronetworking","category-portfolio","category-tecnologia","category-tecnologias-audio-multimidia","tag-audio-networking","tag-comercial-audio","tag-consultoria","tag-dante","tag-gerenciamento","tag-home-theater","tag-instalacao","tag-ip","tag-manutencao","tag-projetos","tag-som-ambiental","tag-som-ambiente","tag-sonorizacao-ambiente"],"aioseo_notices":[],"_links":{"self":[{"href":"https:\/\/www.somambiente.com\/blog\/wp-json\/wp\/v2\/posts\/1","targetHints":{"allow":["GET"]}}],"collection":[{"href":"https:\/\/www.somambiente.com\/blog\/wp-json\/wp\/v2\/posts"}],"about":[{"href":"https:\/\/www.somambiente.com\/blog\/wp-json\/wp\/v2\/types\/post"}],"author":[{"embeddable":true,"href":"https:\/\/www.somambiente.com\/blog\/wp-json\/wp\/v2\/users\/1"}],"replies":[{"embeddable":true,"href":"https:\/\/www.somambiente.com\/blog\/wp-json\/wp\/v2\/comments?post=1"}],"version-history":[{"count":34,"href":"https:\/\/www.somambiente.com\/blog\/wp-json\/wp\/v2\/posts\/1\/revisions"}],"predecessor-version":[{"id":222,"href":"https:\/\/www.somambiente.com\/blog\/wp-json\/wp\/v2\/posts\/1\/revisions\/222"}],"wp:featuredmedia":[{"embeddable":true,"href":"https:\/\/www.somambiente.com\/blog\/wp-json\/wp\/v2\/media\/125"}],"wp:attachment":[{"href":"https:\/\/www.somambiente.com\/blog\/wp-json\/wp\/v2\/media?parent=1"}],"wp:term":[{"taxonomy":"category","embeddable":true,"href":"https:\/\/www.somambiente.com\/blog\/wp-json\/wp\/v2\/categories?post=1"},{"taxonomy":"post_tag","embeddable":true,"href":"https:\/\/www.somambiente.com\/blog\/wp-json\/wp\/v2\/tags?post=1"}],"curies":[{"name":"wp","href":"https:\/\/api.w.org\/{rel}","templated":true}]}}